{"id":9468,"date":"2019-12-03T12:25:17","date_gmt":"2019-12-03T18:25:17","guid":{"rendered":"https:\/\/teegro.gob.mx\/inicio\/?p=9468"},"modified":"2019-12-04T13:49:35","modified_gmt":"2019-12-04T19:49:35","slug":"gaceta-del-03-de-diciembre-de-2019","status":"publish","type":"post","link":"https:\/\/teegro.gob.mx\/sitio2025\/gaceta-del-03-de-diciembre-de-2019\/","title":{"rendered":"Gaceta del 03 de diciembre de 2019"},"content":{"rendered":"<!-- VideographyWP Plugin Message: Automatic video embedding prevented by plugin options. -->\n\n<h1>Trig\u00e9sima Segunda Sesi\u00f3n P\u00fablica de Resoluci\u00f3n<\/h1>\n<ul>\n<li><a href=\"https:\/\/teegro.gob.mx\/inicio\/wp-content\/uploads\/2019\/12\/Aviso-03-12-19.pdf\" target=\"_blank\" rel=\"noopener noreferrer\">Orden del d\u00eda<\/a><\/li>\n<li><a href=\"https:\/\/teegro.gob.mx\/inicio\/wp-content\/uploads\/2019\/12\/Aviso-03-12-19-adicional.pdf\" target=\"_blank\" rel=\"noopener noreferrer\">Lista complementaria<\/a><\/li>\n<li><a href=\"https:\/\/drive.google.com\/open?id=1j4gx1D0f4Jm1MTmOG4AQhH0yBDuTbtvS\" target=\"_blank\" rel=\"noopener noreferrer\">Descargar Sentencias y Acuerdos<\/a><\/li>\n<\/ul>\n<h3>Contenido<\/h3>\n<ul>\n<li>TEE\/JEC\/042\/2019 (Acuerdo Plenario) &#8211; Actora: Norma otiliza Hern\u00e1ndez Mart\u00ednez<\/li>\n<li>TEE\/JEC\/046\/2019 (Acuerdo Plenario) &#8211; Actor: Marco Antonio Miranda Salgado<\/li>\n<li>TEE\/JEC\/025\/2019 (Incidente) &#8211; Actora: Edith L\u00f3pez Rivera<\/li>\n<li>TEE\/JEC\/049\/2019 y TEE\/JEC\/050\/2019 &#8211; Actores: Rutilio Esp\u00edndola Castro y Otros<\/li>\n<li>TEE\/JEC\/047\/2019 &#8211; Actor: Pamela Luna Eugenio<\/li>\n<li>TEE\/JEC\/119\/2018 &#8211; Actores: Moises Lorenzo Herrera y Otros<\/li>\n<li>TEE\/SSI\/JLI\/005\/2015 &#8211; Actor: Omar Ortiz M\u00e9ndez<\/li>\n<li>TEE\/JEC\/028\/2019 &#8211; Acuerdo Plenario<\/li>\n<\/ul>\n<p>&nbsp;<\/p>\n<p>Clic <a href=\"https:\/\/drive.google.com\/open?id=1j4gx1D0f4Jm1MTmOG4AQhH0yBDuTbtvS\" target=\"_blank\" rel=\"noopener noreferrer\"><strong>aqu\u00ed<\/strong> <\/a>para descargar las sentencias y acuerdos de esta sesi\u00f3n<\/p>\n<p>&nbsp;<\/p>\n","protected":false},"excerpt":{"rendered":"<p>Trig\u00e9sima Segunda Sesi\u00f3n P\u00fablica de Resoluci\u00f3n Orden del d\u00eda Lista complementaria Descargar Sentencias y Acuerdos Contenido TEE\/JEC\/042\/2019 (Acuerdo Plenario) &#8211; Actora: Norma otiliza Hern\u00e1ndez Mart\u00ednez TEE\/JEC\/046\/2019 (Acuerdo Plenario) &#8211; Actor: Marco Antonio Miranda Salgado TEE\/JEC\/025\/2019 (Incidente) &#8211; Actora: Edith L\u00f3pez Rivera TEE\/JEC\/049\/2019 y TEE\/JEC\/050\/2019 &#8211; Actores: Rutilio Esp\u00edndola Castro y Otros TEE\/JEC\/047\/2019 &#8211; Actor: Pamela [&hellip;]<\/p>\n","protected":false},"author":1,"featured_media":0,"comment_status":"open","ping_status":"open","sticky":false,"template":"","format":"standard","meta":{"_acf_changed":false,"footnotes":""},"categories":[210],"tags":[],"class_list":["post-9468","post","type-post","status-publish","format-standard","hentry","category-gaceta"],"acf":[],"_links":{"self":[{"href":"https:\/\/teegro.gob.mx\/sitio2025\/wp-json\/wp\/v2\/posts\/9468","targetHints":{"allow":["GET"]}}],"collection":[{"href":"https:\/\/teegro.gob.mx\/sitio2025\/wp-json\/wp\/v2\/posts"}],"about":[{"href":"https:\/\/teegro.gob.mx\/sitio2025\/wp-json\/wp\/v2\/types\/post"}],"author":[{"embeddable":true,"href":"https:\/\/teegro.gob.mx\/sitio2025\/wp-json\/wp\/v2\/users\/1"}],"replies":[{"embeddable":true,"href":"https:\/\/teegro.gob.mx\/sitio2025\/wp-json\/wp\/v2\/comments?post=9468"}],"version-history":[{"count":10,"href":"https:\/\/teegro.gob.mx\/sitio2025\/wp-json\/wp\/v2\/posts\/9468\/revisions"}],"predecessor-version":[{"id":9512,"href":"https:\/\/teegro.gob.mx\/sitio2025\/wp-json\/wp\/v2\/posts\/9468\/revisions\/9512"}],"wp:attachment":[{"href":"https:\/\/teegro.gob.mx\/sitio2025\/wp-json\/wp\/v2\/media?parent=9468"}],"wp:term":[{"taxonomy":"category","embeddable":true,"href":"https:\/\/teegro.gob.mx\/sitio2025\/wp-json\/wp\/v2\/categories?post=9468"},{"taxonomy":"post_tag","embeddable":true,"href":"https:\/\/teegro.gob.mx\/sitio2025\/wp-json\/wp\/v2\/tags?post=9468"}],"curies":[{"name":"wp","href":"https:\/\/api.w.org\/{rel}","templated":true}]}}