{"id":9501,"date":"2019-11-28T12:10:00","date_gmt":"2019-11-28T18:10:00","guid":{"rendered":"https:\/\/teegro.gob.mx\/inicio\/?p=9501"},"modified":"2019-12-04T12:14:21","modified_gmt":"2019-12-04T18:14:21","slug":"asisten-las-magistradas-del-tee-a-la-presentacion-del-libro-el-parlamento-abierto","status":"publish","type":"post","link":"https:\/\/teegro.gob.mx\/sitio2025\/asisten-las-magistradas-del-tee-a-la-presentacion-del-libro-el-parlamento-abierto\/","title":{"rendered":"Asisten las Magistradas del TEE a la presentaci\u00f3n del libro El Parlamento Abierto"},"content":{"rendered":"<!-- VideographyWP Plugin Message: Automatic video embedding prevented by plugin options. -->\n\n<figure class=\"wp-block-gallery columns-2 is-cropped wp-block-gallery-1 is-layout-flex wp-block-gallery-is-layout-flex\"><ul class=\"blocks-gallery-grid\"><li class=\"blocks-gallery-item\"><figure><a href=\"https:\/\/teegro.gob.mx\/inicio\/wp-content\/uploads\/2019\/12\/2019-11-28-01.jpeg\"><img fetchpriority=\"high\" decoding=\"async\" width=\"1024\" height=\"682\" src=\"https:\/\/teegro.gob.mx\/inicio\/wp-content\/uploads\/2019\/12\/2019-11-28-01-1024x682.jpeg\" alt=\"\" data-id=\"9502\" data-full-url=\"https:\/\/teegro.gob.mx\/inicio\/wp-content\/uploads\/2019\/12\/2019-11-28-01.jpeg\" data-link=\"https:\/\/teegro.gob.mx\/inicio\/?attachment_id=9502\" class=\"wp-image-9502\" srcset=\"https:\/\/teegro.gob.mx\/sitio2025\/wp-content\/uploads\/2019\/12\/2019-11-28-01-1024x682.jpeg 1024w, https:\/\/teegro.gob.mx\/sitio2025\/wp-content\/uploads\/2019\/12\/2019-11-28-01-300x200.jpeg 300w, https:\/\/teegro.gob.mx\/sitio2025\/wp-content\/uploads\/2019\/12\/2019-11-28-01-768x512.jpeg 768w, https:\/\/teegro.gob.mx\/sitio2025\/wp-content\/uploads\/2019\/12\/2019-11-28-01.jpeg 1280w\" sizes=\"(max-width: 1024px) 100vw, 1024px\" \/><\/a><\/figure><\/li><li class=\"blocks-gallery-item\"><figure><a href=\"https:\/\/teegro.gob.mx\/inicio\/wp-content\/uploads\/2019\/12\/2019-11-28-02.jpeg\"><img decoding=\"async\" width=\"1024\" height=\"682\" src=\"https:\/\/teegro.gob.mx\/inicio\/wp-content\/uploads\/2019\/12\/2019-11-28-02-1024x682.jpeg\" alt=\"\" data-id=\"9503\" data-full-url=\"https:\/\/teegro.gob.mx\/inicio\/wp-content\/uploads\/2019\/12\/2019-11-28-02.jpeg\" data-link=\"https:\/\/teegro.gob.mx\/inicio\/?attachment_id=9503\" class=\"wp-image-9503\" srcset=\"https:\/\/teegro.gob.mx\/sitio2025\/wp-content\/uploads\/2019\/12\/2019-11-28-02-1024x682.jpeg 1024w, https:\/\/teegro.gob.mx\/sitio2025\/wp-content\/uploads\/2019\/12\/2019-11-28-02-300x200.jpeg 300w, https:\/\/teegro.gob.mx\/sitio2025\/wp-content\/uploads\/2019\/12\/2019-11-28-02-768x512.jpeg 768w, https:\/\/teegro.gob.mx\/sitio2025\/wp-content\/uploads\/2019\/12\/2019-11-28-02.jpeg 1280w\" sizes=\"(max-width: 1024px) 100vw, 1024px\" \/><\/a><\/figure><\/li><\/ul><\/figure>\n\n\n\n<p>Las Magistradas Alma Delia Eugenio Alcaraz y Evelyn Rodr\u00edguez Xinol asisten a la presentaci\u00f3n del libro <strong>#ElParlamentoAbierto<\/strong>, un modelo de representaci\u00f3n pol\u00edtica que fortalece la #transparencia y la <strong>#Participaci\u00f3nCiudadana<\/strong><\/p>\n","protected":false},"excerpt":{"rendered":"<p>Las Magistradas Alma Delia Eugenio Alcaraz y Evelyn Rodr\u00edguez Xinol asisten a la presentaci\u00f3n del libro #ElParlamentoAbierto, un modelo de representaci\u00f3n pol\u00edtica que fortalece la #transparencia y la #Participaci\u00f3nCiudadana<\/p>\n","protected":false},"author":1,"featured_media":9503,"comment_status":"open","ping_status":"open","sticky":false,"template":"","format":"standard","meta":{"_acf_changed":false,"footnotes":""},"categories":[213],"tags":[],"class_list":["post-9501","post","type-post","status-publish","format-standard","has-post-thumbnail","hentry","category-eventos"],"acf":[],"_links":{"self":[{"href":"https:\/\/teegro.gob.mx\/sitio2025\/wp-json\/wp\/v2\/posts\/9501","targetHints":{"allow":["GET"]}}],"collection":[{"href":"https:\/\/teegro.gob.mx\/sitio2025\/wp-json\/wp\/v2\/posts"}],"about":[{"href":"https:\/\/teegro.gob.mx\/sitio2025\/wp-json\/wp\/v2\/types\/post"}],"author":[{"embeddable":true,"href":"https:\/\/teegro.gob.mx\/sitio2025\/wp-json\/wp\/v2\/users\/1"}],"replies":[{"embeddable":true,"href":"https:\/\/teegro.gob.mx\/sitio2025\/wp-json\/wp\/v2\/comments?post=9501"}],"version-history":[{"count":1,"href":"https:\/\/teegro.gob.mx\/sitio2025\/wp-json\/wp\/v2\/posts\/9501\/revisions"}],"predecessor-version":[{"id":9504,"href":"https:\/\/teegro.gob.mx\/sitio2025\/wp-json\/wp\/v2\/posts\/9501\/revisions\/9504"}],"wp:featuredmedia":[{"embeddable":true,"href":"https:\/\/teegro.gob.mx\/sitio2025\/wp-json\/wp\/v2\/media\/9503"}],"wp:attachment":[{"href":"https:\/\/teegro.gob.mx\/sitio2025\/wp-json\/wp\/v2\/media?parent=9501"}],"wp:term":[{"taxonomy":"category","embeddable":true,"href":"https:\/\/teegro.gob.mx\/sitio2025\/wp-json\/wp\/v2\/categories?post=9501"},{"taxonomy":"post_tag","embeddable":true,"href":"https:\/\/teegro.gob.mx\/sitio2025\/wp-json\/wp\/v2\/tags?post=9501"}],"curies":[{"name":"wp","href":"https:\/\/api.w.org\/{rel}","templated":true}]}}