{"id":9799,"date":"2023-01-25T11:05:15","date_gmt":"2023-01-25T17:05:15","guid":{"rendered":"https:\/\/teegro.gob.mx\/inicio\/?p=9799"},"modified":"2023-05-02T03:04:35","modified_gmt":"2023-05-02T08:04:35","slug":"primera-sesion-publica-de-resolucion","status":"publish","type":"post","link":"https:\/\/teegro.gob.mx\/sitio2025\/primera-sesion-publica-de-resolucion\/","title":{"rendered":"Primera Sesi\u00f3n P\u00fablica de Resoluci\u00f3n"},"content":{"rendered":"<!-- VideographyWP Plugin Message: Automatic video embedding prevented by plugin options. -->\n\n<ul>\n<li><a href=\"https:\/\/teegro.gob.mx\/inicio\/wp-content\/uploads\/2023\/01\/LISTA123.pdf\">Orden del d\u00eda<\/a><\/li>\n<li><a href=\"https:\/\/youtu.be\/6ARv5Wl3vwA\">V\u00eddeo de la Sesi\u00f3n <\/a><\/li>\n<\/ul>\n<h3>Contenido<\/h3>\n<ul>\n<li>TEE\/JEC\/288\/2021 Acuerdo plenario &#8211; Juan Jos\u00e9 Francisco Rodr\u00edguez Otero<\/li>\n<li>TEE\/JEC\/029\/2022 Acuerdo plenario &#8211; Luis Enrique R\u00edos Saucedo<\/li>\n<li>TEE\/JEC\/298\/2021 Acuerdo plenario &#8211; Eulalia Araceli Romero Romero<\/li>\n<li>TEE\/JEC\/040\/2020 Acuerdo plenario &#8211; Servando Nava Cruz<\/li>\n<li>TEE\/JEC\/040\/2020 Acuerdo plenario &#8211; Servando Nava Cruz<\/li>\n<li>TEE\/JEC\/043\/2022 Acuerdo plenario &#8211; Claudia Mart\u00ednez S\u00e1nchez<\/li>\n<li>TEE\/JEC\/008\/2022 Acuerdo plenario &#8211; Juan Manuel Ram\u00edrez G\u00f3mez<\/li>\n<li>TEE\/JEC\/049\/2022 Acuerdo plenario &#8211; Yenedith Barrientos Santiago<\/li>\n<\/ul>\n<h2><!--more--><\/h2>\n<h3><strong>TEE\/JEC\/288\/2021 Acuerdo plenario<\/strong><\/h3>\n<p><strong>Actor:<\/strong> Juan Jos\u00e9 Francisco Rodr\u00edguez Otero<\/p>\n<p><strong>Autoridad responsable:<\/strong> Registro Nacional de Militantes del Partido Acci\u00f3n Nacional<\/p>\n<p><strong>Descarga:<\/strong> <a href=\"https:\/\/teegro.gob.mx\/inicio\/wp-content\/uploads\/2023\/01\/TEE-JEC-288-2021-Acuerdo.pdf\">Descarga<\/a><\/p>\n<h3><strong>TEE\/<\/strong>JEC\/029\/2022 Acuerdo plenario<\/h3>\n<p><strong>Actor:<\/strong> Luis Enrique R\u00edos Saucedo<\/p>\n<p><strong>Autoridad responsable:<\/strong> Comisi\u00f3n Nacional de Honestidad y Justicia de Morena<\/p>\n<p><strong>Descarga:<\/strong> <a href=\"ttps:\/\/teegro.gob.mx\/inicio\/wp-content\/uploads\/2023\/01\/TEE-JEC-029-2022-Acuerdo.pdf\">Descarga<\/a><\/p>\n<h3><strong>TEE\/<\/strong>JEC\/298\/2021 Acuerdo plenario<\/h3>\n<p><strong>Actor:<\/strong> Eulalia Araceli Romero Romero<\/p>\n<p><strong>Autoridad responsable:<\/strong> Comisi\u00f3n de Justicia del Consejo Nacional del Partido Acci\u00f3n Nacional<\/p>\n<p><strong>Descarga:<\/strong> <a href=\"https:\/\/teegro.gob.mx\/inicio\/wp-content\/uploads\/2023\/01\/TEE-JEC-298-2021-Acuerdo.pdf\">Descarga<\/a><\/p>\n<h3><strong>TEE\/<\/strong>JEC\/040\/2020 Acuerdo plenario<\/h3>\n<p><strong>Actor:<\/strong> Servando Nava Cruz<\/p>\n<p><strong>Autoridad responsable:<\/strong> Comisi\u00f3n Nacional de Honestidad y Justicia de Morena<\/p>\n<p><strong>Descarga:<\/strong> <a href=\"https:\/\/teegro.gob.mx\/inicio\/wp-content\/uploads\/2023\/01\/TEE-JEC-040-2020-Acuerdo.pdf\">Descarga<\/a><\/p>\n<h3><strong>TEE\/<\/strong>JEC\/043\/2022 Acuerdo plenario<\/h3>\n<p><strong>Actor:<\/strong> Claudia Mart\u00ednez S\u00e1nchez<\/p>\n<p><strong>Autoridad responsable:<\/strong> Comisi\u00f3n de Justicia del Consejo Nacional del Partido Acci\u00f3n Nacional<\/p>\n<p><strong>Descarga:<\/strong> <a href=\"https:\/\/teegro.gob.mx\/inicio\/wp-content\/uploads\/2023\/01\/TEE-JEC-043-2022-Acuerdo.pdf\">Descarga<\/a><\/p>\n<h3><strong>TEE\/<\/strong>JEC\/008\/2022 Acuerdo plenario<\/h3>\n<p><strong>Actor:<\/strong> Juan Manuel Ram\u00edrez G\u00f3mez<\/p>\n<p><strong>Autoridad responsable:<\/strong> Presidente del Comit\u00e9 Directivo Estatal del Partido Acci\u00f3n Nacional de Guerrero\u00a0<\/p>\n<p><strong>Descarga:<\/strong> <a href=\"https:\/\/teegro.gob.mx\/inicio\/wp-content\/uploads\/2023\/01\/TEE-JEC-008-2022-Acuerdo.pdf\">Descarga<\/a><\/p>\n<h3><strong>TEE\/<\/strong>JEC\/049\/2022 Acuerdo plenario<\/h3>\n<p><strong>Actor:<\/strong> Yenedith Barrientos Santiago<\/p>\n<p><strong>Autoridad responsable:<\/strong> Comit\u00e9 Directivo Estatal del Partido de la Revoluci\u00f3n Democr\u00e1tica<\/p>\n<p><strong>Descarga:<\/strong> <a href=\"https:\/\/teegro.gob.mx\/inicio\/wp-content\/uploads\/2023\/01\/TEE-JEC-049-2022-Acuerdo.pdf\">Descarga<\/a><\/p>\n","protected":false},"excerpt":{"rendered":"<p>Orden del d\u00eda V\u00eddeo de la Sesi\u00f3n Contenido TEE\/JEC\/288\/2021 Acuerdo plenario &#8211; Juan Jos\u00e9 Francisco Rodr\u00edguez Otero TEE\/JEC\/029\/2022 Acuerdo plenario &#8211; Luis Enrique R\u00edos Saucedo TEE\/JEC\/298\/2021 Acuerdo plenario &#8211; Eulalia Araceli Romero Romero TEE\/JEC\/040\/2020 Acuerdo plenario &#8211; Servando Nava Cruz TEE\/JEC\/040\/2020 Acuerdo plenario &#8211; Servando Nava Cruz TEE\/JEC\/043\/2022 Acuerdo plenario &#8211; Claudia Mart\u00ednez S\u00e1nchez TEE\/JEC\/008\/2022 [&hellip;]<\/p>\n","protected":false},"author":1,"featured_media":0,"comment_status":"open","ping_status":"open","sticky":false,"template":"","format":"standard","meta":{"_acf_changed":false,"footnotes":""},"categories":[210],"tags":[],"class_list":["post-9799","post","type-post","status-publish","format-standard","hentry","category-gaceta"],"acf":[],"_links":{"self":[{"href":"https:\/\/teegro.gob.mx\/sitio2025\/wp-json\/wp\/v2\/posts\/9799","targetHints":{"allow":["GET"]}}],"collection":[{"href":"https:\/\/teegro.gob.mx\/sitio2025\/wp-json\/wp\/v2\/posts"}],"about":[{"href":"https:\/\/teegro.gob.mx\/sitio2025\/wp-json\/wp\/v2\/types\/post"}],"author":[{"embeddable":true,"href":"https:\/\/teegro.gob.mx\/sitio2025\/wp-json\/wp\/v2\/users\/1"}],"replies":[{"embeddable":true,"href":"https:\/\/teegro.gob.mx\/sitio2025\/wp-json\/wp\/v2\/comments?post=9799"}],"version-history":[{"count":10,"href":"https:\/\/teegro.gob.mx\/sitio2025\/wp-json\/wp\/v2\/posts\/9799\/revisions"}],"predecessor-version":[{"id":9863,"href":"https:\/\/teegro.gob.mx\/sitio2025\/wp-json\/wp\/v2\/posts\/9799\/revisions\/9863"}],"wp:attachment":[{"href":"https:\/\/teegro.gob.mx\/sitio2025\/wp-json\/wp\/v2\/media?parent=9799"}],"wp:term":[{"taxonomy":"category","embeddable":true,"href":"https:\/\/teegro.gob.mx\/sitio2025\/wp-json\/wp\/v2\/categories?post=9799"},{"taxonomy":"post_tag","embeddable":true,"href":"https:\/\/teegro.gob.mx\/sitio2025\/wp-json\/wp\/v2\/tags?post=9799"}],"curies":[{"name":"wp","href":"https:\/\/api.w.org\/{rel}","templated":true}]}}