{"id":9815,"date":"2023-02-22T11:00:00","date_gmt":"2023-02-22T17:00:00","guid":{"rendered":"https:\/\/teegro.gob.mx\/inicio\/?p=9815"},"modified":"2023-05-02T02:59:13","modified_gmt":"2023-05-02T07:59:13","slug":"tercera-sesion-publica-de-resolucion","status":"publish","type":"post","link":"https:\/\/teegro.gob.mx\/sitio2025\/tercera-sesion-publica-de-resolucion\/","title":{"rendered":"Tercera Sesi\u00f3n P\u00fablica de Resoluci\u00f3n"},"content":{"rendered":"<!-- VideographyWP Plugin Message: Automatic video embedding prevented by plugin options. -->\n\n<ul>\n<li><a href=\"https:\/\/teegro.gob.mx\/inicio\/wp-content\/uploads\/2023\/02\/Lista230223.pdf\">Orden del d\u00eda<\/a><\/li>\n<li><a href=\"https:\/\/youtu.be\/n2JTvSlIkLc\">V\u00eddeo de la Sesi\u00f3n<\/a><\/li>\n<\/ul>\n<h3>Contenido<\/h3>\n<ul>\n<li>TEE\/JEC\/042\/2022 Acuerdo plenario &#8211; Martha Adriana Torreblanca Mart\u00ednez<\/li>\n<li>TEE\/JEC\/036\/2022 &#8211; Fel\u00edcita Navarrete Neri<\/li>\n<li>TEE\/JEC\/001\/2023 &#8211; Mauro Oyorzabal G\u00f3mez<\/li>\n<li>TEE\/JEC\/002\/2023\u00a0 &#8211; Anselmo Ignacio Carmona.<\/li>\n<li>TEE\/JEC\/006\/2023 &#8211; Claudia Mart\u00ednez S\u00e1nchez<\/li>\n<li>TEE\/JEC\/003\/2023 &#8211; Francisca de la Cruz y otras personas<\/li>\n<\/ul>\n<h2><!--more--><\/h2>\n<h3><strong>TEE\/<\/strong>JEC\/042\/2022 Acuerdo plenario<\/h3>\n<p><strong>Actor:<\/strong> Martha Adriana Torreblanca Mart\u00ednez<\/p>\n<p><strong>Autoridad responsable:<\/strong> Comisi\u00f3n de Justicia del Partido Acci\u00f3n Nacional<\/p>\n<p><strong>Descarga:<\/strong> <a href=\"https:\/\/teegro.gob.mx\/inicio\/wp-content\/uploads\/2023\/02\/TEE-JEC-042-2022-Acuerdo.pdf\">Descarga<\/a><\/p>\n<h3><strong>TEE\/JEC\/036\/2022<\/strong><\/h3>\n<p><strong>Actor:<\/strong> Fel\u00edcita Navarrete Neri<\/p>\n<p><strong>Autoridad responsable:<\/strong> Comisi\u00f3n de Justicia del Consejo Nacional del Partido Acci\u00f3n Nacional<\/p>\n<p><strong>Descarga:<\/strong> <a href=\"https:\/\/teegro.gob.mx\/inicio\/wp-content\/uploads\/2023\/02\/TEE-JEC-036-2022.pdf\">Descarga<\/a><\/p>\n<h3><strong>TEE\/JEC\/001\/2023\u00a0<\/strong><\/h3>\n<p><strong>Actor:<\/strong> Mauro Oyorzabal G\u00f3mez\u00a0<\/p>\n<p><strong>Autoridad responsable:<\/strong> Ayuntamiento de Tlapa de Comonfort, Guerrero<\/p>\n<p><strong>Descarga:<\/strong> <a href=\"https:\/\/teegro.gob.mx\/inicio\/wp-content\/uploads\/2023\/02\/TEE-JEC-001-2023.pdf\">Descarga<\/a><\/p>\n<h3><strong>TEE\/JEC\/002\/2023<\/strong><\/h3>\n<p><strong>Actor:<\/strong> Anselmo Ignacio Carmona<\/p>\n<p><strong>Autoridad responsable:<\/strong> Integrantes del Cabildo del Ayuntamiento de San Marcos, Guerrero<\/p>\n<p><strong>Descarga:<\/strong> <a href=\"https:\/\/teegro.gob.mx\/inicio\/wp-content\/uploads\/2023\/02\/TEE-JEC-002-2023.pdf\">Descarga<\/a><\/p>\n<h3><strong>TEE\/JEC\/006\/2023<\/strong><\/h3>\n<p><strong>Actor:<\/strong> Claudia Mart\u00ednez S\u00e1nchez<\/p>\n<p><strong>Autoridad responsable:<\/strong> Comisi\u00f3n de Justicia del Consejo Nacional del Partido Acci\u00f3n Nacional<\/p>\n<p><strong>Descarga:<\/strong> <a href=\"https:\/\/teegro.gob.mx\/inicio\/wp-content\/uploads\/2023\/02\/TEE-JEC-006-2023.pdf\">Descarga<\/a><\/p>\n<h3><strong>TEE\/JEC\/003\/2023<\/strong><\/h3>\n<p><strong>Actor:<\/strong> Francisca de la Cruz y otras personas<\/p>\n<p><strong>Autoridad responsable:<\/strong> Ayuntamiento de Tlapa de Comonfort, Guerrero.<\/p>\n<p><strong>Descarga:<\/strong> <a href=\"https:\/\/teegro.gob.mx\/inicio\/wp-content\/uploads\/2023\/02\/TEE-JEC-003-2023.pdf\">Descarga<\/a><\/p>\n","protected":false},"excerpt":{"rendered":"<p>Orden del d\u00eda V\u00eddeo de la Sesi\u00f3n Contenido TEE\/JEC\/042\/2022 Acuerdo plenario &#8211; Martha Adriana Torreblanca Mart\u00ednez TEE\/JEC\/036\/2022 &#8211; Fel\u00edcita Navarrete Neri TEE\/JEC\/001\/2023 &#8211; Mauro Oyorzabal G\u00f3mez TEE\/JEC\/002\/2023\u00a0 &#8211; Anselmo Ignacio Carmona. TEE\/JEC\/006\/2023 &#8211; Claudia Mart\u00ednez S\u00e1nchez TEE\/JEC\/003\/2023 &#8211; Francisca de la Cruz y otras personas<\/p>\n","protected":false},"author":1,"featured_media":0,"comment_status":"open","ping_status":"open","sticky":false,"template":"","format":"standard","meta":{"_acf_changed":false,"footnotes":""},"categories":[210],"tags":[],"class_list":["post-9815","post","type-post","status-publish","format-standard","hentry","category-gaceta"],"acf":[],"_links":{"self":[{"href":"https:\/\/teegro.gob.mx\/sitio2025\/wp-json\/wp\/v2\/posts\/9815","targetHints":{"allow":["GET"]}}],"collection":[{"href":"https:\/\/teegro.gob.mx\/sitio2025\/wp-json\/wp\/v2\/posts"}],"about":[{"href":"https:\/\/teegro.gob.mx\/sitio2025\/wp-json\/wp\/v2\/types\/post"}],"author":[{"embeddable":true,"href":"https:\/\/teegro.gob.mx\/sitio2025\/wp-json\/wp\/v2\/users\/1"}],"replies":[{"embeddable":true,"href":"https:\/\/teegro.gob.mx\/sitio2025\/wp-json\/wp\/v2\/comments?post=9815"}],"version-history":[{"count":4,"href":"https:\/\/teegro.gob.mx\/sitio2025\/wp-json\/wp\/v2\/posts\/9815\/revisions"}],"predecessor-version":[{"id":9862,"href":"https:\/\/teegro.gob.mx\/sitio2025\/wp-json\/wp\/v2\/posts\/9815\/revisions\/9862"}],"wp:attachment":[{"href":"https:\/\/teegro.gob.mx\/sitio2025\/wp-json\/wp\/v2\/media?parent=9815"}],"wp:term":[{"taxonomy":"category","embeddable":true,"href":"https:\/\/teegro.gob.mx\/sitio2025\/wp-json\/wp\/v2\/categories?post=9815"},{"taxonomy":"post_tag","embeddable":true,"href":"https:\/\/teegro.gob.mx\/sitio2025\/wp-json\/wp\/v2\/tags?post=9815"}],"curies":[{"name":"wp","href":"https:\/\/api.w.org\/{rel}","templated":true}]}}