{"id":9819,"date":"2023-03-08T23:00:00","date_gmt":"2023-03-09T05:00:00","guid":{"rendered":"https:\/\/teegro.gob.mx\/inicio\/?p=9819"},"modified":"2025-03-28T13:59:19","modified_gmt":"2025-03-28T19:59:19","slug":"cuarta-sesion-publica-de-resolucion","status":"publish","type":"post","link":"https:\/\/teegro.gob.mx\/sitio2025\/cuarta-sesion-publica-de-resolucion\/","title":{"rendered":"Cuarta Sesi\u00f3n P\u00fablica de Resoluci\u00f3n"},"content":{"rendered":"<!-- VideographyWP Plugin Message: Automatic video embedding prevented by plugin options. -->\n\n<ul>\n<li><a href=\"https:\/\/teegro.gob.mx\/inicio\/wp-content\/uploads\/2023\/03\/Lista090323.pdf\">Orden del d\u00eda<\/a><\/li>\n<li><a href=\"https:\/\/youtu.be\/z20wdU35_5E\">V\u00eddeo de la Sesi\u00f3n<\/a><\/li>\n<\/ul>\n<h3>Contenido<\/h3>\n<ul>\n<li>TEE\/JEC\/137\/2018 Acuerdo plenario &#8211; Braulio C\u00e9sar Montes V\u00e1zquez y otras personas<\/li>\n<li>TEE\/JEC\/041\/2022 Acuerdo plenario &#8211; Yaneth Guti\u00e9rrez Izazaga<\/li>\n<li>TEE\/JEC\/005\/2023 &#8211; Martha Adriana Torreblanca Mart\u00ednez<\/li>\n<li>TEE\/LCT\/002\/2023 &#8211; Blanca Imelda Valdovinos Galeana<\/li>\n<\/ul>\n<h2><!--more--><\/h2>\n<h3><strong>TEE\/<\/strong>JEC\/137\/2018 Acuerdo plenario<\/h3>\n<p><strong>Actor:<\/strong> Braulio C\u00e9sar Montes V\u00e1zquez y otras personas<\/p>\n<p><strong>Autoridad responsable:<\/strong> Ayuntamiento Municipal de Acapulco de Ju\u00e1rez, Guerrero<\/p>\n<p><strong>Descarga:<\/strong> <a href=\"https:\/\/teegro.gob.mx\/inicio\/wp-content\/uploads\/2023\/03\/TEE-JEC-137-2018-Acuerdo.pdf\">Descarga<\/a><\/p>\n<h3><strong>TEE\/<\/strong>JEC\/041\/2022 Acuerdo plenario<\/h3>\n<p><strong>Actor:<\/strong> Yaneth Guti\u00e9rrez Izazaga<\/p>\n<p><strong>Autoridad responsable:<\/strong> Ayuntamiento Municipal de la Uni\u00f3n de Isidoro Montes de Oca, Guerrero<\/p>\n<p><strong>Descarga:<\/strong> <a href=\"https:\/\/teegro.gob.mx\/inicio\/wp-content\/uploads\/2023\/03\/TEE-JEC-041-2022-Acuerdo.pdf\">Descarga<\/a><\/p>\n<h3><strong>TEE\/JEC\/005\/2023<br><\/strong><\/h3>\n<p><strong>Actor:<\/strong> Martha Adriana Torreblanca Mart\u00ednez.&nbsp;<\/p>\n<p><strong>Autoridad responsable:<\/strong> Comisi\u00f3n de Justicia del Consejo Nacional del Partido Acci\u00f3n Nacional.<\/p>\n<p><strong>Descarga:<\/strong> <a href=\"https:\/\/teegro.gob.mx\/inicio\/wp-content\/uploads\/2023\/03\/TEE-JEC-005-2023.pdf\">Descarga<\/a><\/p>\n<h3><strong>TEE\/LCT\/002\/2023<\/strong><\/h3>\n<p><strong>Actor:<\/strong> Blanca Imelda Valdovinos Galeana<\/p>\n<p><strong>Autoridad responsable:<\/strong> Tribunal Electoral del Estado de Guerrero<\/p>\n<p><strong>Descarga:<\/strong> <a href=\"https:\/\/teegro.gob.mx\/sitio2023\/wp-content\/uploads\/2025\/03\/TEE-LCT-002-2023.pdf\">Descarga<\/a><\/p>\n","protected":false},"excerpt":{"rendered":"<p>Orden del d\u00eda V\u00eddeo de la Sesi\u00f3n Contenido TEE\/JEC\/137\/2018 Acuerdo plenario &#8211; Braulio C\u00e9sar Montes V\u00e1zquez y otras personas TEE\/JEC\/041\/2022 Acuerdo plenario &#8211; Yaneth Guti\u00e9rrez Izazaga TEE\/JEC\/005\/2023 &#8211; Martha Adriana Torreblanca Mart\u00ednez TEE\/LCT\/002\/2023 &#8211; Blanca Imelda Valdovinos Galeana<\/p>\n","protected":false},"author":1,"featured_media":0,"comment_status":"open","ping_status":"open","sticky":false,"template":"","format":"standard","meta":{"_acf_changed":false,"footnotes":""},"categories":[210],"tags":[],"class_list":["post-9819","post","type-post","status-publish","format-standard","hentry","category-gaceta"],"acf":[],"_links":{"self":[{"href":"https:\/\/teegro.gob.mx\/sitio2025\/wp-json\/wp\/v2\/posts\/9819","targetHints":{"allow":["GET"]}}],"collection":[{"href":"https:\/\/teegro.gob.mx\/sitio2025\/wp-json\/wp\/v2\/posts"}],"about":[{"href":"https:\/\/teegro.gob.mx\/sitio2025\/wp-json\/wp\/v2\/types\/post"}],"author":[{"embeddable":true,"href":"https:\/\/teegro.gob.mx\/sitio2025\/wp-json\/wp\/v2\/users\/1"}],"replies":[{"embeddable":true,"href":"https:\/\/teegro.gob.mx\/sitio2025\/wp-json\/wp\/v2\/comments?post=9819"}],"version-history":[{"count":7,"href":"https:\/\/teegro.gob.mx\/sitio2025\/wp-json\/wp\/v2\/posts\/9819\/revisions"}],"predecessor-version":[{"id":17817,"href":"https:\/\/teegro.gob.mx\/sitio2025\/wp-json\/wp\/v2\/posts\/9819\/revisions\/17817"}],"wp:attachment":[{"href":"https:\/\/teegro.gob.mx\/sitio2025\/wp-json\/wp\/v2\/media?parent=9819"}],"wp:term":[{"taxonomy":"category","embeddable":true,"href":"https:\/\/teegro.gob.mx\/sitio2025\/wp-json\/wp\/v2\/categories?post=9819"},{"taxonomy":"post_tag","embeddable":true,"href":"https:\/\/teegro.gob.mx\/sitio2025\/wp-json\/wp\/v2\/tags?post=9819"}],"curies":[{"name":"wp","href":"https:\/\/api.w.org\/{rel}","templated":true}]}}