{"id":9824,"date":"2023-03-15T11:00:00","date_gmt":"2023-03-15T17:00:00","guid":{"rendered":"https:\/\/teegro.gob.mx\/inicio\/?p=9824"},"modified":"2025-03-31T16:04:01","modified_gmt":"2025-03-31T22:04:01","slug":"quinta-sesion-publica-de-resolucion","status":"publish","type":"post","link":"https:\/\/teegro.gob.mx\/sitio2025\/quinta-sesion-publica-de-resolucion\/","title":{"rendered":"Quinta Sesi\u00f3n P\u00fablica de Resoluci\u00f3n"},"content":{"rendered":"<!-- VideographyWP Plugin Message: Automatic video embedding prevented by plugin options. -->\n\n<ul>\n<li><a href=\"https:\/\/teegro.gob.mx\/inicio\/wp-content\/uploads\/2023\/03\/Lista160323.pdf\">Orden del d\u00eda<\/a><\/li>\n<li><a href=\"https:\/\/youtu.be\/Y-CL6PjvVtU\">V\u00eddeo de la Sesi\u00f3n<\/a><\/li>\n<\/ul>\n<h3>Contenido<\/h3>\n<ul>\n<li>TEE\/JEC\/006\/2023 Acuerdo plenario &#8211; Claudia Mart\u00ednez S\u00e1nchez<\/li>\n<li>TEE\/JEC\/010\/2023, TEE\/JEC\/014\/2023, acumulados &#8211; Roberta Castro de los Santos, Felipe Avil\u00e9s Mendoza y Otras Personas<\/li>\n<li>TEE\/JEC\/007\/2023, TEE\/JEC\/008\/2023, acumulados &#8211; Carlos Arturo Mill\u00e1n S\u00e1nchez y Jorge Francisco Hern\u00e1ndez Pablo<\/li>\n<li>TEE\/JEC\/007\/2020, TEE\/JEC\/008\/2020, acumulados &#8211; Sixto Cruz Ortega y Otras Personas<\/li>\n<li>TEE\/LCT\/001\/2023 &#8211; Antonio Carpio Mart\u00ednez<\/li>\n<\/ul>\n<h2><!--more--><\/h2>\n<h3><strong>TEE\/<\/strong>JEC\/006\/2023 Acuerdo plenario<\/h3>\n<p><strong>Actor:<\/strong> Claudia Mart\u00ednez S\u00e1nchez<\/p>\n<p><strong>Autoridad responsable:<\/strong> Comisi\u00f3n de Justicia del Consejo Nacional del Partido Acci\u00f3n Nacional<\/p>\n<p><strong>Descarga:<\/strong> <a href=\"https:\/\/teegro.gob.mx\/inicio\/wp-content\/uploads\/2023\/03\/TEE-JEC-006-2023-Acuerdo.pdf\">Descarga<\/a><\/p>\n<h3><strong>TEE\/<\/strong>JEC\/010\/2023, TEE\/JEC\/014\/2023, acumulados<\/h3>\n<p><strong>Actor:<\/strong> Roberta Castro de los Santos, Felipe Avil\u00e9s Mendoza y Otras Personas<\/p>\n<p><strong>Autoridad responsable:<\/strong> Comisi\u00f3n de Asuntos Pol\u00edticos y Gobernaci\u00f3n de la LXIII Legislatura del Congreso del Estado de Guerrero<\/p>\n<p><strong>Descarga:<\/strong> <a href=\"https:\/\/teegro.gob.mx\/inicio\/wp-content\/uploads\/2023\/03\/TEE-JEC-010-2023.pdf\">Descarga<\/a><\/p>\n<h3><strong>TEE\/<\/strong>JEC\/007\/2023, TEE\/JEC\/008\/2023, acumulados<\/h3>\n<p><strong>Actor:<\/strong> Carlos Arturo Mill\u00e1n S\u00e1nchez y Jorge Francisco Hern\u00e1ndez Pablo<\/p>\n<p><strong>Autoridad responsable:<\/strong> Comisi\u00f3n de Justicia del Consejo Nacional del Partido Acci\u00f3n Nacional<\/p>\n<p><strong>Descarga:<\/strong> <a href=\"https:\/\/teegro.gob.mx\/inicio\/wp-content\/uploads\/2023\/03\/TEE-JEC-007-2023.pdf\">Descarga<\/a><\/p>\n<h3><strong>TEE\/<\/strong>JEC\/007\/2020, TEE\/JEC\/008\/2020, acumulados<\/h3>\n<p><strong>Actor:<\/strong> Sixto Cruz Ortega y Otras Personas<\/p>\n<p><strong>Autoridad responsable:<\/strong> Consejo General del Instituto Electoral y de Participaci\u00f3n Ciudadana del Estado.&nbsp;<\/p>\n<p><strong>Descarga:<\/strong> <a href=\"https:\/\/teegro.gob.mx\/inicio\/wp-content\/uploads\/2023\/03\/TEE-JEC-007-2020-Incidente.pdf\">Descarga<\/a><\/p>\n<h3><strong>TEE\/LCT\/001\/2023<\/strong><\/h3>\n<p><strong>Actor:<\/strong> Antonio Carpio Mart\u00ednez&nbsp;<\/p>\n<p><strong>Autoridad responsable:<\/strong> Tribunal Electoral del Estado de Guerrero<\/p>\n<p><strong>Descarga:<\/strong> <a href=\"https:\/\/teegro.gob.mx\/sitio2023\/wp-content\/uploads\/2025\/03\/TEE-LCT-001-2023.pdf\">Descarga<\/a><\/p>\n","protected":false},"excerpt":{"rendered":"<p>Orden del d\u00eda V\u00eddeo de la Sesi\u00f3n Contenido TEE\/JEC\/006\/2023 Acuerdo plenario &#8211; Claudia Mart\u00ednez S\u00e1nchez TEE\/JEC\/010\/2023, TEE\/JEC\/014\/2023, acumulados &#8211; Roberta Castro de los Santos, Felipe Avil\u00e9s Mendoza y Otras Personas TEE\/JEC\/007\/2023, TEE\/JEC\/008\/2023, acumulados &#8211; Carlos Arturo Mill\u00e1n S\u00e1nchez y Jorge Francisco Hern\u00e1ndez Pablo TEE\/JEC\/007\/2020, TEE\/JEC\/008\/2020, acumulados &#8211; Sixto Cruz Ortega y Otras Personas TEE\/LCT\/001\/2023 &#8211; [&hellip;]<\/p>\n","protected":false},"author":1,"featured_media":0,"comment_status":"open","ping_status":"open","sticky":false,"template":"","format":"standard","meta":{"_acf_changed":false,"footnotes":""},"categories":[210],"tags":[],"class_list":["post-9824","post","type-post","status-publish","format-standard","hentry","category-gaceta"],"acf":[],"_links":{"self":[{"href":"https:\/\/teegro.gob.mx\/sitio2025\/wp-json\/wp\/v2\/posts\/9824","targetHints":{"allow":["GET"]}}],"collection":[{"href":"https:\/\/teegro.gob.mx\/sitio2025\/wp-json\/wp\/v2\/posts"}],"about":[{"href":"https:\/\/teegro.gob.mx\/sitio2025\/wp-json\/wp\/v2\/types\/post"}],"author":[{"embeddable":true,"href":"https:\/\/teegro.gob.mx\/sitio2025\/wp-json\/wp\/v2\/users\/1"}],"replies":[{"embeddable":true,"href":"https:\/\/teegro.gob.mx\/sitio2025\/wp-json\/wp\/v2\/comments?post=9824"}],"version-history":[{"count":7,"href":"https:\/\/teegro.gob.mx\/sitio2025\/wp-json\/wp\/v2\/posts\/9824\/revisions"}],"predecessor-version":[{"id":17856,"href":"https:\/\/teegro.gob.mx\/sitio2025\/wp-json\/wp\/v2\/posts\/9824\/revisions\/17856"}],"wp:attachment":[{"href":"https:\/\/teegro.gob.mx\/sitio2025\/wp-json\/wp\/v2\/media?parent=9824"}],"wp:term":[{"taxonomy":"category","embeddable":true,"href":"https:\/\/teegro.gob.mx\/sitio2025\/wp-json\/wp\/v2\/categories?post=9824"},{"taxonomy":"post_tag","embeddable":true,"href":"https:\/\/teegro.gob.mx\/sitio2025\/wp-json\/wp\/v2\/tags?post=9824"}],"curies":[{"name":"wp","href":"https:\/\/api.w.org\/{rel}","templated":true}]}}