{"id":9831,"date":"2023-03-22T11:00:19","date_gmt":"2023-03-22T17:00:19","guid":{"rendered":"https:\/\/teegro.gob.mx\/inicio\/?p=9831"},"modified":"2023-05-02T00:55:03","modified_gmt":"2023-05-02T05:55:03","slug":"sexta-sesion-publica-de-resolucion","status":"publish","type":"post","link":"https:\/\/teegro.gob.mx\/sitio2025\/sexta-sesion-publica-de-resolucion\/","title":{"rendered":"Sexta Sesi\u00f3n P\u00fablica de Resoluci\u00f3n"},"content":{"rendered":"<!-- VideographyWP Plugin Message: Automatic video embedding prevented by plugin options. -->\n\n<ul>\n<li><a href=\"https:\/\/teegro.gob.mx\/inicio\/wp-content\/uploads\/2023\/03\/Lista230323.pdf\">Orden del d\u00eda<\/a><\/li>\n<li><a href=\"https:\/\/youtu.be\/EhXaoQ294dM\">V\u00eddeo de la Sesi\u00f3n<\/a><\/li>\n<\/ul>\n<h3>Contenido<\/h3>\n<ul>\n<li>TEE\/JEC\/001\/2023 Acuerdo plenario &#8211; Mauro Oyorz\u00e1bal G\u00f3mez<\/li>\n<li>TEE\/JEC\/049\/2022 Acuerdo plenario &#8211; Yenedith Barrientos Santiago<\/li>\n<li>TEE\/JEC\/004\/2023 &#8211; Artemio Le\u00f3n Leal&nbsp;<\/li>\n<li>TEE\/JEC\/009\/2023 &#8211; Arturo L\u00f3pez Cuevas<\/li>\n<li>TEE\/JEC\/012\/2023 &#8211; Alfredo S\u00e1nchez Esquivel<\/li>\n<\/ul>\n<h2><!--more--><\/h2>\n<h3><strong>TEE\/<\/strong>JEC\/001\/2023 Acuerdo plenario<\/h3>\n<p><strong>Actor:<\/strong> Mauro Oyorz\u00e1bal G\u00f3mez <\/p>\n<p><strong>Autoridad responsable:<\/strong> Ayuntamiento de Tlapa de Comonfort, Guerrero <\/p>\n<p><strong>Descarga:<\/strong> Descarga<\/p>\n<h3><strong>TEE\/<\/strong>JEC\/049\/2022 Acuerdo plenario<\/h3>\n<p><strong>Actor:<\/strong> Yenedith Barrientos Santiago<\/p>\n<p><strong>Autoridad responsable:<\/strong> Comit\u00e9 Directivo Estatal del Partido de la Revoluci\u00f3n Democr\u00e1tica&nbsp;<\/p>\n<p><strong>Descarga:<\/strong> <a href=\"https:\/\/teegro.gob.mx\/inicio\/wp-content\/uploads\/2023\/03\/TEE-JEC-049-2022-Acuerdo.pdf\">Descarga<\/a><\/p>\n<h3><strong>TEE\/JEC\/004\/2023<\/strong><\/h3>\n<p><strong>Actor:<\/strong> Artemio Le\u00f3n Leal<\/p>\n<p><strong>Autoridad responsable:<\/strong> Ayuntamiento del Municipio de Metlatonoc, Guerrero<\/p>\n<p><strong>Descarga:<\/strong> <a href=\"https:\/\/teegro.gob.mx\/inicio\/wp-content\/uploads\/2023\/03\/TEE-JEC-004-2023.pdf\">Descarga<\/a><\/p>\n<h3><strong>TEE\/JEC\/009\/2023<\/strong><\/h3>\n<p><strong>Actor:<\/strong> Arturo L\u00f3pez Cuevas&nbsp;<\/p>\n<p><strong>Autoridad responsable:<\/strong> Ayuntamiento Municipal de Tlapa de Comonfort, Guerrero&nbsp;<\/p>\n<p><strong>Descarga:<\/strong> <a href=\"https:\/\/teegro.gob.mx\/inicio\/wp-content\/uploads\/2023\/03\/TEE-JEC-009-2023.pdf\">Descarga<\/a><\/p>\n<h3><strong>TEE\/JEC\/012\/2023<\/strong><\/h3>\n<p><strong>Actor:<\/strong> Alfredo S\u00e1nchez Esquivel<\/p>\n<p><strong>Autoridad responsable:<\/strong> Comisi\u00f3n Nacional de Honestidad y Justicia de Morena<\/p>\n<p><strong>Descarga:<\/strong> <a href=\"https:\/\/teegro.gob.mx\/inicio\/wp-content\/uploads\/2023\/03\/TEE-JEC-012-2023.pdf\">Descarga<\/a><\/p>\n","protected":false},"excerpt":{"rendered":"<p>Orden del d\u00eda V\u00eddeo de la Sesi\u00f3n Contenido TEE\/JEC\/001\/2023 Acuerdo plenario &#8211; Mauro Oyorz\u00e1bal G\u00f3mez TEE\/JEC\/049\/2022 Acuerdo plenario &#8211; Yenedith Barrientos Santiago TEE\/JEC\/004\/2023 &#8211; Artemio Le\u00f3n Leal&nbsp; TEE\/JEC\/009\/2023 &#8211; Arturo L\u00f3pez Cuevas TEE\/JEC\/012\/2023 &#8211; Alfredo S\u00e1nchez Esquivel<\/p>\n","protected":false},"author":1,"featured_media":0,"comment_status":"open","ping_status":"open","sticky":false,"template":"","format":"standard","meta":{"_acf_changed":false,"footnotes":""},"categories":[210],"tags":[],"class_list":["post-9831","post","type-post","status-publish","format-standard","hentry","category-gaceta"],"acf":[],"_links":{"self":[{"href":"https:\/\/teegro.gob.mx\/sitio2025\/wp-json\/wp\/v2\/posts\/9831","targetHints":{"allow":["GET"]}}],"collection":[{"href":"https:\/\/teegro.gob.mx\/sitio2025\/wp-json\/wp\/v2\/posts"}],"about":[{"href":"https:\/\/teegro.gob.mx\/sitio2025\/wp-json\/wp\/v2\/types\/post"}],"author":[{"embeddable":true,"href":"https:\/\/teegro.gob.mx\/sitio2025\/wp-json\/wp\/v2\/users\/1"}],"replies":[{"embeddable":true,"href":"https:\/\/teegro.gob.mx\/sitio2025\/wp-json\/wp\/v2\/comments?post=9831"}],"version-history":[{"count":4,"href":"https:\/\/teegro.gob.mx\/sitio2025\/wp-json\/wp\/v2\/posts\/9831\/revisions"}],"predecessor-version":[{"id":9836,"href":"https:\/\/teegro.gob.mx\/sitio2025\/wp-json\/wp\/v2\/posts\/9831\/revisions\/9836"}],"wp:attachment":[{"href":"https:\/\/teegro.gob.mx\/sitio2025\/wp-json\/wp\/v2\/media?parent=9831"}],"wp:term":[{"taxonomy":"category","embeddable":true,"href":"https:\/\/teegro.gob.mx\/sitio2025\/wp-json\/wp\/v2\/categories?post=9831"},{"taxonomy":"post_tag","embeddable":true,"href":"https:\/\/teegro.gob.mx\/sitio2025\/wp-json\/wp\/v2\/tags?post=9831"}],"curies":[{"name":"wp","href":"https:\/\/api.w.org\/{rel}","templated":true}]}}