{"id":9837,"date":"2023-03-28T11:00:00","date_gmt":"2023-03-28T17:00:00","guid":{"rendered":"https:\/\/teegro.gob.mx\/inicio\/?p=9837"},"modified":"2023-05-02T01:23:37","modified_gmt":"2023-05-02T06:23:37","slug":"sexta-sesion-publica-de-resolucion-2","status":"publish","type":"post","link":"https:\/\/teegro.gob.mx\/sitio2025\/sexta-sesion-publica-de-resolucion-2\/","title":{"rendered":"S\u00e9ptima Sesi\u00f3n P\u00fablica de Resoluci\u00f3n"},"content":{"rendered":"<!-- VideographyWP Plugin Message: Automatic video embedding prevented by plugin options. -->\n\n<ul>\n<li><a href=\"https:\/\/teegro.gob.mx\/inicio\/wp-content\/uploads\/2023\/03\/290323.pdf\">Orden del d\u00eda<\/a><\/li>\n<li><a href=\"https:\/\/youtu.be\/ngV-Vqsyrb4\">V\u00eddeo de la Sesi\u00f3n<\/a><\/li>\n<\/ul>\n<h3>Contenido<\/h3>\n<ul>\n<li>TEE\/PES\/006\/2022 Acuerdo plenario &#8211; Dato Protegido<\/li>\n<li>TEE\/JEC\/041\/2022 Acuerdo plenario &#8211; Yaneth Guti\u00e9rrez Izazaga<\/li>\n<li>TEE\/JEC\/018\/2023 &#8211; Graciela Ortiz Flores y otras personas<\/li>\n<li>TEE\/JEC\/020\/2023 &#8211; Bruno Calixto R\u00edos D\u00edaz<\/li>\n<li>TEE\/JLT\/001\/2020 &#8211; Ulises Higinio Ruiz Meraza<\/li>\n<\/ul>\n<h2><!--more--><\/h2>\n<h3><strong>TEE\/<\/strong>PES\/006\/2022 Acuerdo plenario<\/h3>\n<p><strong>Denunciante:<\/strong> Dato Protegido <\/p>\n<p><strong>Denunciado:<\/strong> Joel \u00c1ngel Romero <\/p>\n<p><strong>Descarga:<\/strong> <a href=\"https:\/\/teegro.gob.mx\/inicio\/wp-content\/uploads\/2023\/03\/TEE-PES-006-2022-VERSION-PUBLICA.pdf\">Descarga<\/a><\/p>\n<h3><strong>TEE\/<\/strong>JEC\/041\/2022 Acuerdo plenario<\/h3>\n<p><strong>Actor:<\/strong> Yaneth Guti\u00e9rrez Izazaga <\/p>\n<p><strong>Autoridad responsable:<\/strong> Ayuntamiento de la Uni\u00f3n de Isidoro Montes de Oca, Guerrero&nbsp; <\/p>\n<p><strong>Descarga:<\/strong> <a href=\"https:\/\/teegro.gob.mx\/inicio\/wp-content\/uploads\/2023\/03\/TEE-JEC-041-2022-Acuerdo.pdf\">Descarga<\/a><\/p>\n<h3><strong>TEE\/JEC\/018\/2023<\/strong><\/h3>\n<p><strong>Actor:<\/strong> Graciela Ortiz Flores y otras personas <\/p>\n<p><strong>Autoridad responsable:<\/strong> Comisi\u00f3n Nacional de Honestidad y Justicia del Partido Morena&nbsp; <\/p>\n<p><strong>Descarga:<\/strong> <a href=\"https:\/\/teegro.gob.mx\/inicio\/wp-content\/uploads\/2023\/03\/TEE-JEC-018-2023.pdf\">Descarga<\/a><\/p>\n<h3><strong>TEE\/JEC\/020\/2023<\/strong><\/h3>\n<p><strong>Actor:<\/strong> Bruno Calixto R\u00edos D\u00edaz <\/p>\n<p><strong>Autoridad responsable:<\/strong> Comisi\u00f3n de Justicia del Consejo Nacional del Partido Acci\u00f3n Nacional <\/p>\n<p><strong>Descarga:<\/strong> <a href=\"https:\/\/teegro.gob.mx\/inicio\/wp-content\/uploads\/2023\/03\/TEE-JEC-020-2023.pdf\">Descarga<\/a><\/p>\n<h3><strong>TEE\/JLT\/001\/2020<\/strong><\/h3>\n<p><strong>Actor:<\/strong> Ulises Higinio Ruiz Meraza <\/p>\n<p><strong>Autoridad responsable:<\/strong> Tribunal Electoral Del Estado de Guerrero<\/p>\n","protected":false},"excerpt":{"rendered":"<p>Orden del d\u00eda V\u00eddeo de la Sesi\u00f3n Contenido TEE\/PES\/006\/2022 Acuerdo plenario &#8211; Dato Protegido TEE\/JEC\/041\/2022 Acuerdo plenario &#8211; Yaneth Guti\u00e9rrez Izazaga TEE\/JEC\/018\/2023 &#8211; Graciela Ortiz Flores y otras personas TEE\/JEC\/020\/2023 &#8211; Bruno Calixto R\u00edos D\u00edaz TEE\/JLT\/001\/2020 &#8211; Ulises Higinio Ruiz Meraza<\/p>\n","protected":false},"author":1,"featured_media":0,"comment_status":"open","ping_status":"open","sticky":false,"template":"","format":"standard","meta":{"_acf_changed":false,"footnotes":""},"categories":[210],"tags":[],"class_list":["post-9837","post","type-post","status-publish","format-standard","hentry","category-gaceta"],"acf":[],"_links":{"self":[{"href":"https:\/\/teegro.gob.mx\/sitio2025\/wp-json\/wp\/v2\/posts\/9837","targetHints":{"allow":["GET"]}}],"collection":[{"href":"https:\/\/teegro.gob.mx\/sitio2025\/wp-json\/wp\/v2\/posts"}],"about":[{"href":"https:\/\/teegro.gob.mx\/sitio2025\/wp-json\/wp\/v2\/types\/post"}],"author":[{"embeddable":true,"href":"https:\/\/teegro.gob.mx\/sitio2025\/wp-json\/wp\/v2\/users\/1"}],"replies":[{"embeddable":true,"href":"https:\/\/teegro.gob.mx\/sitio2025\/wp-json\/wp\/v2\/comments?post=9837"}],"version-history":[{"count":3,"href":"https:\/\/teegro.gob.mx\/sitio2025\/wp-json\/wp\/v2\/posts\/9837\/revisions"}],"predecessor-version":[{"id":9840,"href":"https:\/\/teegro.gob.mx\/sitio2025\/wp-json\/wp\/v2\/posts\/9837\/revisions\/9840"}],"wp:attachment":[{"href":"https:\/\/teegro.gob.mx\/sitio2025\/wp-json\/wp\/v2\/media?parent=9837"}],"wp:term":[{"taxonomy":"category","embeddable":true,"href":"https:\/\/teegro.gob.mx\/sitio2025\/wp-json\/wp\/v2\/categories?post=9837"},{"taxonomy":"post_tag","embeddable":true,"href":"https:\/\/teegro.gob.mx\/sitio2025\/wp-json\/wp\/v2\/tags?post=9837"}],"curies":[{"name":"wp","href":"https:\/\/api.w.org\/{rel}","templated":true}]}}