{"id":9841,"date":"2023-04-12T11:00:29","date_gmt":"2023-04-12T16:00:29","guid":{"rendered":"https:\/\/teegro.gob.mx\/inicio\/?p=9841"},"modified":"2025-03-28T14:15:17","modified_gmt":"2025-03-28T20:15:17","slug":"octava-sesion-publica-de-resolucion","status":"publish","type":"post","link":"https:\/\/teegro.gob.mx\/sitio2025\/octava-sesion-publica-de-resolucion\/","title":{"rendered":"Octava Sesi\u00f3n P\u00fablica de Resoluci\u00f3n"},"content":{"rendered":"<!-- VideographyWP Plugin Message: Automatic video embedding prevented by plugin options. -->\n\n<ul>\n<li><a href=\"https:\/\/teegro.gob.mx\/inicio\/wp-content\/uploads\/2023\/04\/Lista130423.pdf\">Orden del d\u00eda<\/a><\/li>\n<li><a href=\"https:\/\/youtu.be\/LVpfk725eGA\">V\u00eddeo de la Sesi\u00f3n<\/a><\/li>\n<\/ul>\n<h3>Contenido<\/h3>\n<ul>\n<li>TEE\/JEC\/003\/2023 Acuerdo Plenario &#8211; Francisca de la Cruz y Otras Personas<\/li>\n<li>TEE\/JEC\/027\/2022 Acuerdo Plenario &#8211; Felicita Navarrete Neri<\/li>\n<li>TEE\/JEC\/046\/2022 y TEE\/JEC\/047\/2022 acumulados &#8211; Carolina Cant\u00fa Morales Y Otras Personas<\/li>\n<li>TEE\/JEC\/016\/2023 &#8211; In\u00e9s Camarillo Balc\u00e1zar y Otras Personas&nbsp;<\/li>\n<li>TEE\/LCT\/003\/2023 &#8211; Alina Jim\u00e9nez Aparicio<\/li>\n<\/ul>\n<h2><!--more--><\/h2>\n<h3><strong>TEE\/<\/strong>JEC\/003\/2023 Acuerdo Plenario<\/h3>\n<p><strong>Actor:<\/strong> Francisca de la Cruz y Otras Personas<\/p>\n<p><strong>Autoridad responsable:<\/strong> Ayuntamiento de Tlapa de Comonfort<\/p>\n<p><strong>Descarga:<\/strong> <a href=\"https:\/\/teegro.gob.mx\/inicio\/wp-content\/uploads\/2023\/04\/TEE-JEC-003-2023-Acuerdo.pdf\">Descarga<\/a><\/p>\n<h3><strong>TEE\/<\/strong>JEC\/027\/2022 Acuerdo Plenario<\/h3>\n<p><strong>Actor:<\/strong> Felicita Navarrete Neri<\/p>\n<p><strong>Autoridad responsable:<\/strong> Comisi\u00f3n de Justicia del Consejo Nacional del Partido Acci\u00f3n Nacional&nbsp;<\/p>\n<p><strong>Descarga:<\/strong> <a href=\"https:\/\/teegro.gob.mx\/inicio\/wp-content\/uploads\/2023\/04\/TEE-JEC-027-2023-Acuerdo.pdf\">Descarga<\/a><\/p>\n<h3><strong>TEE\/<\/strong>JEC\/046\/2022 y TEE\/JEC\/047\/2022 acumulados<\/h3>\n<p><strong>Actor:<\/strong> Carolina Cant\u00fa Morales Y Otras Personas<\/p>\n<p><strong>Autoridad responsable:<\/strong> Ayuntamiento de Tlacoapa, Guerrero&nbsp;<\/p>\n<p><strong>Descarga:<\/strong> <a href=\"https:\/\/teegro.gob.mx\/inicio\/wp-content\/uploads\/2023\/04\/TEE-JEC-046-2022-y-acumulado.pdf\">Descarga<\/a><\/p>\n<h3><strong>TEE\/JEC\/016\/2023<\/strong><\/h3>\n<p><strong>Actor:<\/strong> In\u00e9s Camarillo Balc\u00e1zar y Otras Personas<\/p>\n<p><strong>Autoridad responsable:<\/strong> Ayuntamiento de Chilpancingo de los Bravo, Guerrero<\/p>\n<p><strong>Descarga:<\/strong> <a href=\"https:\/\/teegro.gob.mx\/inicio\/wp-content\/uploads\/2023\/04\/TEE-JEC-016-2023.pdf\">Descarga<\/a><\/p>\n<h3><strong>TEE\/LCT\/003\/2023<\/strong><\/h3>\n<p><strong>Actor:<\/strong> Alina Jim\u00e9nez Aparicio<\/p>\n<p><strong>Autoridad responsable:<\/strong> Tribunal Electoral del Estado de Guerrero<\/p>\n<p><strong>Descarga:<\/strong> <a href=\"https:\/\/teegro.gob.mx\/sitio2023\/wp-content\/uploads\/2025\/03\/TEE-LCT-003-2023.pdf\">Descarga<\/a><\/p>\n","protected":false},"excerpt":{"rendered":"<p>Orden del d\u00eda V\u00eddeo de la Sesi\u00f3n Contenido TEE\/JEC\/003\/2023 Acuerdo Plenario &#8211; Francisca de la Cruz y Otras Personas TEE\/JEC\/027\/2022 Acuerdo Plenario &#8211; Felicita Navarrete Neri TEE\/JEC\/046\/2022 y TEE\/JEC\/047\/2022 acumulados &#8211; Carolina Cant\u00fa Morales Y Otras Personas TEE\/JEC\/016\/2023 &#8211; In\u00e9s Camarillo Balc\u00e1zar y Otras Personas&nbsp; TEE\/LCT\/003\/2023 &#8211; Alina Jim\u00e9nez Aparicio<\/p>\n","protected":false},"author":1,"featured_media":0,"comment_status":"open","ping_status":"open","sticky":false,"template":"","format":"standard","meta":{"_acf_changed":false,"footnotes":""},"categories":[210],"tags":[],"class_list":["post-9841","post","type-post","status-publish","format-standard","hentry","category-gaceta"],"acf":[],"_links":{"self":[{"href":"https:\/\/teegro.gob.mx\/sitio2025\/wp-json\/wp\/v2\/posts\/9841","targetHints":{"allow":["GET"]}}],"collection":[{"href":"https:\/\/teegro.gob.mx\/sitio2025\/wp-json\/wp\/v2\/posts"}],"about":[{"href":"https:\/\/teegro.gob.mx\/sitio2025\/wp-json\/wp\/v2\/types\/post"}],"author":[{"embeddable":true,"href":"https:\/\/teegro.gob.mx\/sitio2025\/wp-json\/wp\/v2\/users\/1"}],"replies":[{"embeddable":true,"href":"https:\/\/teegro.gob.mx\/sitio2025\/wp-json\/wp\/v2\/comments?post=9841"}],"version-history":[{"count":9,"href":"https:\/\/teegro.gob.mx\/sitio2025\/wp-json\/wp\/v2\/posts\/9841\/revisions"}],"predecessor-version":[{"id":17823,"href":"https:\/\/teegro.gob.mx\/sitio2025\/wp-json\/wp\/v2\/posts\/9841\/revisions\/17823"}],"wp:attachment":[{"href":"https:\/\/teegro.gob.mx\/sitio2025\/wp-json\/wp\/v2\/media?parent=9841"}],"wp:term":[{"taxonomy":"category","embeddable":true,"href":"https:\/\/teegro.gob.mx\/sitio2025\/wp-json\/wp\/v2\/categories?post=9841"},{"taxonomy":"post_tag","embeddable":true,"href":"https:\/\/teegro.gob.mx\/sitio2025\/wp-json\/wp\/v2\/tags?post=9841"}],"curies":[{"name":"wp","href":"https:\/\/api.w.org\/{rel}","templated":true}]}}