{"id":9849,"date":"2023-04-24T11:00:05","date_gmt":"2023-04-24T16:00:05","guid":{"rendered":"https:\/\/teegro.gob.mx\/inicio\/?p=9849"},"modified":"2025-03-31T16:02:47","modified_gmt":"2025-03-31T22:02:47","slug":"novena-sesion-publica-de-resolucion-2","status":"publish","type":"post","link":"https:\/\/teegro.gob.mx\/sitio2025\/novena-sesion-publica-de-resolucion-2\/","title":{"rendered":"Novena Sesi\u00f3n P\u00fablica de Resoluci\u00f3n"},"content":{"rendered":"<!-- VideographyWP Plugin Message: Automatic video embedding prevented by plugin options. -->\n\n<ul>\n<li><a href=\"https:\/\/teegro.gob.mx\/inicio\/wp-content\/uploads\/2023\/05\/Lista250423.pdf\">Orden del d\u00eda<\/a><\/li>\n<li><a href=\"https:\/\/youtu.be\/CeOiPPK_8HA\">V\u00eddeo de la Sesi\u00f3n<\/a><\/li>\n<\/ul>\n<h3>Contenido<\/h3>\n<ul>\n<li>TEE\/JEC\/001\/2023 <strong>Acuerdo Plenario<\/strong> &#8211; Mauro Oyorz\u00e1bal G\u00f3mez<\/li>\n<li>TEE\/JEC\/137\/2018 <strong>Acuerdo Plenario<\/strong> &#8211; Braulio Cesar Montes V\u00e1zquez y otras personas<\/li>\n<li>TEE\/JEC\/004\/2023 <strong>Acuerdo Plenario<\/strong> &#8211; Artemio Le\u00f3n Leal<\/li>\n<li>TEE\/JEC\/044\/2022 <strong>Acuerdo Plenario<\/strong> &#8211; Cira Morales Valtierra<\/li>\n<li>TEE\/JEC\/011\/2023 &#8211; Cristina \u00c1lvarez Moreno y Luis Montealegre Galicia<\/li>\n<li>TEE\/LCT\/004\/2023 &#8211; C\u00e1ndida Leonardo Mej\u00eda.<\/li>\n<li>TEE\/LCT\/006\/2023 &#8211; Rogelio Guerrero Ibarra<\/li>\n<\/ul>\n<h2><!--more--><\/h2>\n<h3><strong>TEE\/JEC\/001\/2023 Acuerdo Plenario<\/strong><\/h3>\n<p><strong>Actor:<\/strong> Mauro Oyorz\u00e1bal G\u00f3mez<\/p>\n<p><strong>Autoridad responsable:<\/strong> Ayuntamiento de Tlapa de Comonfort, Guerrero<\/p>\n<p><strong>Descarga:<\/strong> <a href=\"https:\/\/teegro.gob.mx\/inicio\/wp-content\/uploads\/2023\/05\/TEE-JEC-001-2023-Acuerdo.pdf\">Descarga<\/a><\/p>\n<h3><strong>TEE\/JEC\/137\/2018 Acuerdo Plenario<\/strong><\/h3>\n<p><strong>Actor:<\/strong> Braulio Cesar Montes V\u00e1zquez y otras personas<\/p>\n<p><strong>Autoridad responsable:<\/strong> Ayuntamiento de Acapulco de Ju\u00e1rez, Guerrero<\/p>\n<p><strong>Descarga:<\/strong> <a href=\"https:\/\/teegro.gob.mx\/inicio\/wp-content\/uploads\/2023\/05\/TEE-JEC-137-2018-Acuerdo.pdf\">Descarga<\/a><\/p>\n<h3><strong>TEE\/JEC\/004\/2023 Acuerdo Plenario<\/strong><\/h3>\n<p><strong>Actor:<\/strong> Artemio Le\u00f3n Leal<\/p>\n<p><strong>Autoridad responsable:<\/strong> Ayuntamiento de Metlat\u00f3noc, Guerrero<\/p>\n<p><strong>Descarga:<\/strong> <a href=\"https:\/\/teegro.gob.mx\/inicio\/wp-content\/uploads\/2023\/05\/TEE-JEC-004-2023-Acuerdo.pdf\">Descarga<\/a><\/p>\n<h3><strong>TEE\/JEC\/044\/2022 Acuerdo Plenario<\/strong><\/h3>\n<p><strong>Actor:<\/strong> Cira Morales Valtierra<\/p>\n<p><strong>Autoridad responsable:<\/strong> Comisi\u00f3n de Justicia del Consejo Nacional del Partido Acci\u00f3n Nacional<\/p>\n<p><strong>Descarga:<\/strong> <a href=\"https:\/\/teegro.gob.mx\/inicio\/wp-content\/uploads\/2023\/05\/TEE-JEC-044-2022-Acuerdo.pdf\">Descarga<\/a><\/p>\n<h3><strong>TEE\/JEC\/011\/2023<\/strong><\/h3>\n<p><strong>Actor:<\/strong> Cristina \u00c1lvarez Moreno y Luis Montealegre Galicia<\/p>\n<p><strong>Autoridad responsable:<\/strong> Presidente Municipal del Ayuntamiento De Metlat\u00f3noc, Guerrero<\/p>\n<p><strong>Descarga:<\/strong> <a href=\"https:\/\/teegro.gob.mx\/inicio\/wp-content\/uploads\/2023\/05\/TEE-JEC-011-2023.pdf\">Descarga<\/a><\/p>\n<h3><strong>TEE\/LCT\/004\/2023<\/strong><\/h3>\n<p><strong>Actor:<\/strong> C\u00e1ndida Leonardo Mej\u00eda<\/p>\n<p><strong>Autoridad responsable:<\/strong> Tribunal Electoral del Estado de Guerrero<\/p>\n<p><strong>Descarga:<\/strong> <a href=\"https:\/\/teegro.gob.mx\/sitio2023\/wp-content\/uploads\/2025\/03\/TEE-LCT-004-2023.pdf\">Descarga<\/a><\/p>\n<h3><strong>TEE\/LCT\/006\/2023<\/strong><\/h3>\n<p><strong>Actor:<\/strong> Rogelio Guerrero Ibarra<\/p>\n<p><strong>Autoridad responsable:<\/strong> Tribunal Electoral del Estado de Guerrero<\/p>\n<p><strong>Descarga:<\/strong> <a href=\"https:\/\/teegro.gob.mx\/sitio2023\/wp-content\/uploads\/2025\/03\/TEE-LCT-006-2023.pdf\">Descarga<\/a><\/p>\n","protected":false},"excerpt":{"rendered":"<p>Orden del d\u00eda V\u00eddeo de la Sesi\u00f3n Contenido TEE\/JEC\/001\/2023 Acuerdo Plenario &#8211; Mauro Oyorz\u00e1bal G\u00f3mez TEE\/JEC\/137\/2018 Acuerdo Plenario &#8211; Braulio Cesar Montes V\u00e1zquez y otras personas TEE\/JEC\/004\/2023 Acuerdo Plenario &#8211; Artemio Le\u00f3n Leal TEE\/JEC\/044\/2022 Acuerdo Plenario &#8211; Cira Morales Valtierra TEE\/JEC\/011\/2023 &#8211; Cristina \u00c1lvarez Moreno y Luis Montealegre Galicia TEE\/LCT\/004\/2023 &#8211; C\u00e1ndida Leonardo Mej\u00eda. TEE\/LCT\/006\/2023 [&hellip;]<\/p>\n","protected":false},"author":1,"featured_media":0,"comment_status":"open","ping_status":"open","sticky":false,"template":"","format":"standard","meta":{"_acf_changed":false,"footnotes":""},"categories":[210],"tags":[],"class_list":["post-9849","post","type-post","status-publish","format-standard","hentry","category-gaceta"],"acf":[],"_links":{"self":[{"href":"https:\/\/teegro.gob.mx\/sitio2025\/wp-json\/wp\/v2\/posts\/9849","targetHints":{"allow":["GET"]}}],"collection":[{"href":"https:\/\/teegro.gob.mx\/sitio2025\/wp-json\/wp\/v2\/posts"}],"about":[{"href":"https:\/\/teegro.gob.mx\/sitio2025\/wp-json\/wp\/v2\/types\/post"}],"author":[{"embeddable":true,"href":"https:\/\/teegro.gob.mx\/sitio2025\/wp-json\/wp\/v2\/users\/1"}],"replies":[{"embeddable":true,"href":"https:\/\/teegro.gob.mx\/sitio2025\/wp-json\/wp\/v2\/comments?post=9849"}],"version-history":[{"count":7,"href":"https:\/\/teegro.gob.mx\/sitio2025\/wp-json\/wp\/v2\/posts\/9849\/revisions"}],"predecessor-version":[{"id":17854,"href":"https:\/\/teegro.gob.mx\/sitio2025\/wp-json\/wp\/v2\/posts\/9849\/revisions\/17854"}],"wp:attachment":[{"href":"https:\/\/teegro.gob.mx\/sitio2025\/wp-json\/wp\/v2\/media?parent=9849"}],"wp:term":[{"taxonomy":"category","embeddable":true,"href":"https:\/\/teegro.gob.mx\/sitio2025\/wp-json\/wp\/v2\/categories?post=9849"},{"taxonomy":"post_tag","embeddable":true,"href":"https:\/\/teegro.gob.mx\/sitio2025\/wp-json\/wp\/v2\/tags?post=9849"}],"curies":[{"name":"wp","href":"https:\/\/api.w.org\/{rel}","templated":true}]}}