{"id":9850,"date":"2023-04-26T11:00:10","date_gmt":"2023-04-26T16:00:10","guid":{"rendered":"https:\/\/teegro.gob.mx\/inicio\/?p=9850"},"modified":"2025-03-31T15:21:53","modified_gmt":"2025-03-31T21:21:53","slug":"decima-sesion-publica-de-resolucion-2","status":"publish","type":"post","link":"https:\/\/teegro.gob.mx\/sitio2025\/decima-sesion-publica-de-resolucion-2\/","title":{"rendered":"D\u00e9cima Sesi\u00f3n P\u00fablica de Resoluci\u00f3n"},"content":{"rendered":"<!-- VideographyWP Plugin Message: Automatic video embedding prevented by plugin options. -->\n\n<ul>\n<li><a href=\"https:\/\/teegro.gob.mx\/inicio\/wp-content\/uploads\/2023\/05\/Lista270423.pdf\">Orden del d\u00eda<\/a><\/li>\n<li><a href=\"https:\/\/youtu.be\/KhnwQL2Egls\">V\u00eddeo de la Sesi\u00f3n<\/a><\/li>\n<\/ul>\n<h3>Contenido<\/h3>\n<ul>\n<li>TEE\/JEC\/015\/2023 y TEE\/JEC\/023\/2023 Acumulados &#8211; Roberta Castro de los Santos y otras personas<\/li>\n<li>TEE\/LCT\/005\/2023 &#8211; Andrey Jonathan Mu\u00f1iz Navarrete<\/li>\n<\/ul>\n<h2><!--more--><\/h2>\n<h3><strong>TEE\/JEC\/015\/2023 y TEE\/JEC\/023\/2023 Acumulados<\/strong><\/h3>\n<p><strong>Actor:<\/strong> Roberta Castro de los Santos y otras personas<\/p>\n<p><strong>Autoridad responsable:<\/strong> Comisi\u00f3n Permanente y Pleno de la Sexag\u00e9sima Tercera Legislatura del Honorable Congreso del Estado de Guerrero y otra<\/p>\n<p><strong>Descarga:<\/strong> <a href=\"https:\/\/teegro.gob.mx\/inicio\/wp-content\/uploads\/2023\/05\/TEE-JEC-015-2023-y-acumulado.pdf\">Descarga<\/a><\/p>\n<h3><strong>TEE\/LCT\/005\/2023&nbsp;<\/strong><\/h3>\n<p><strong>Actor:<\/strong> Andrey Jonathan Mu\u00f1iz Navarrete<\/p>\n<p><strong>Autoridad responsable:<\/strong> Tribunal Electoral del Estado de Guerrero<\/p>\n<p><strong>Descarga:<\/strong> <a href=\"https:\/\/teegro.gob.mx\/sitio2023\/wp-content\/uploads\/2025\/03\/TEE-LCT-005-2023.pdf\">Descarga<\/a><\/p>\n","protected":false},"excerpt":{"rendered":"<p>Orden del d\u00eda V\u00eddeo de la Sesi\u00f3n Contenido TEE\/JEC\/015\/2023 y TEE\/JEC\/023\/2023 Acumulados &#8211; Roberta Castro de los Santos y otras personas TEE\/LCT\/005\/2023 &#8211; Andrey Jonathan Mu\u00f1iz Navarrete<\/p>\n","protected":false},"author":1,"featured_media":0,"comment_status":"open","ping_status":"open","sticky":false,"template":"","format":"standard","meta":{"_acf_changed":false,"footnotes":""},"categories":[210],"tags":[],"class_list":["post-9850","post","type-post","status-publish","format-standard","hentry","category-gaceta"],"acf":[],"_links":{"self":[{"href":"https:\/\/teegro.gob.mx\/sitio2025\/wp-json\/wp\/v2\/posts\/9850","targetHints":{"allow":["GET"]}}],"collection":[{"href":"https:\/\/teegro.gob.mx\/sitio2025\/wp-json\/wp\/v2\/posts"}],"about":[{"href":"https:\/\/teegro.gob.mx\/sitio2025\/wp-json\/wp\/v2\/types\/post"}],"author":[{"embeddable":true,"href":"https:\/\/teegro.gob.mx\/sitio2025\/wp-json\/wp\/v2\/users\/1"}],"replies":[{"embeddable":true,"href":"https:\/\/teegro.gob.mx\/sitio2025\/wp-json\/wp\/v2\/comments?post=9850"}],"version-history":[{"count":11,"href":"https:\/\/teegro.gob.mx\/sitio2025\/wp-json\/wp\/v2\/posts\/9850\/revisions"}],"predecessor-version":[{"id":17845,"href":"https:\/\/teegro.gob.mx\/sitio2025\/wp-json\/wp\/v2\/posts\/9850\/revisions\/17845"}],"wp:attachment":[{"href":"https:\/\/teegro.gob.mx\/sitio2025\/wp-json\/wp\/v2\/media?parent=9850"}],"wp:term":[{"taxonomy":"category","embeddable":true,"href":"https:\/\/teegro.gob.mx\/sitio2025\/wp-json\/wp\/v2\/categories?post=9850"},{"taxonomy":"post_tag","embeddable":true,"href":"https:\/\/teegro.gob.mx\/sitio2025\/wp-json\/wp\/v2\/tags?post=9850"}],"curies":[{"name":"wp","href":"https:\/\/api.w.org\/{rel}","templated":true}]}}